[{"@context":"https:\/\/schema.org\/","@type":"Article","@id":"https:\/\/www.sl-as.cz\/pokud-se-chystate-na-prevoz-bicyklu-pak-jedine-s-nosicem-na-tazne-zarizeni\/#Article","mainEntityOfPage":"https:\/\/www.sl-as.cz\/pokud-se-chystate-na-prevoz-bicyklu-pak-jedine-s-nosicem-na-tazne-zarizeni\/","headline":"Pokud se chyst\u00e1te na p\u0159evoz bicykl\u016f, pak jedin\u011b s nosi\u010dem na ta\u017en\u00e9 za\u0159\u00edzen\u00ed","name":"Pokud se chyst\u00e1te na p\u0159evoz bicykl\u016f, pak jedin\u011b s nosi\u010dem na ta\u017en\u00e9 za\u0159\u00edzen\u00ed","description":"Pat\u0159\u00edte-li k milovn\u00edk\u016fm aktivn\u00ed dovolen\u00e9, kte\u0159\u00ed se mus\u00ed neust\u00e1le h\u00fdbat a neum\u00edte-li si p\u0159edstavit ani o pr\u00e1zdnin\u00e1ch, \u017ee byste \u00fapln\u011b vypnuli a jen tak le\u017eeli [&hellip;]","datePublished":"2017-12-18","dateModified":"2023-05-19","author":{"@type":"Person","@id":"https:\/\/www.sl-as.cz\/author\/#Person","name":"","url":"https:\/\/www.sl-as.cz\/author\/","identifier":1,"image":{"@type":"ImageObject","@id":"https:\/\/secure.gravatar.com\/avatar\/ccdd701717dc93db07d73e0c11dbbb8b91524cccc3bfbd3baea83667a3ebf5d6?s=96&d=mm&r=g","url":"https:\/\/secure.gravatar.com\/avatar\/ccdd701717dc93db07d73e0c11dbbb8b91524cccc3bfbd3baea83667a3ebf5d6?s=96&d=mm&r=g","height":96,"width":96}},"publisher":{"@type":"Organization","name":"sl-as.cz","logo":{"@type":"ImageObject","@id":"\/logo.png","url":"\/logo.png","width":600,"height":60}},"image":{"@type":"ImageObject","@id":"https:\/\/www.sl-as.cz\/wp-content\/uploads\/img_a306210_w2208_t1517391427.jpg","url":"https:\/\/www.sl-as.cz\/wp-content\/uploads\/img_a306210_w2208_t1517391427.jpg","height":0,"width":0},"url":"https:\/\/www.sl-as.cz\/pokud-se-chystate-na-prevoz-bicyklu-pak-jedine-s-nosicem-na-tazne-zarizeni\/","about":["Mu\u017ei\r"],"wordCount":445,"articleBody":"      Pat\u0159\u00edte-li k milovn\u00edk\u016fm aktivn\u00ed dovolen\u00e9, kte\u0159\u00ed se mus\u00ed neust\u00e1le h\u00fdbat a neum\u00edte-li si p\u0159edstavit ani o pr\u00e1zdnin\u00e1ch, \u017ee byste \u00fapln\u011b vypnuli a jen tak le\u017eeli na pl\u00e1\u017ei, tak se v\u00e1m jist\u011b bude hodit, kdy\u017e si s sebou na pr\u00e1zdniny budete moci vz\u00edt i j\u00edzdn\u00ed kola. A ide\u00e1ln\u00ed zp\u016fsob, jak je p\u0159epravit na dlouhou vzd\u00e1lenost je pou\u017e\u00edt nosi\u010d j\u00edzdn\u00edch kol na ta\u017en\u00e9 za\u0159\u00edzen\u00ed. Kdy\u017e toti\u017e m\u00e1te j\u00edzdn\u00ed kola um\u00edst\u011bn\u00e1 za sv\u00fdm vozem na jeho ta\u017en\u00e9m za\u0159\u00edzen\u00ed, tak je to z mnoha d\u016fvod\u016f prakti\u010dt\u011bj\u0161\u00ed a pohodln\u011bj\u0161\u00ed, ne\u017e kdybyste je m\u011bli p\u0159ipevn\u011bn\u00e1 na st\u0159e\u0161e. A hned si pop\u00ed\u0161eme pro\u010d. Na dovolenou \u010dlov\u011bk zpravidla vyr\u00e1\u017e\u00ed do nezn\u00e1m\u00e9ho ter\u00e9nu, t\u0159eba n\u011bkam do zahrani\u010d\u00ed, tak\u017ee na n\u011bj \u010dek\u00e1 pom\u011brn\u011b dlouh\u00e1 cesta. Nicm\u00e9n\u011b i kdybyste nejeli na \u00fapln\u011b nezn\u00e1m\u00e9 m\u00edsto, ale tam, kam se rok, co rok \u010di \u010das od \u010dasu vrac\u00edte, tak jist\u011b danou trasu nezn\u00e1te  https:\/\/www.prozeny.cz\/clanek\/proti-mrtvici-senilite-i-impotenci-aneb-bylinky-dlouhovekosti-ktere-zatim-neznate-40972natolik zpam\u011bti, \u017ee byste p\u0159esn\u011b v\u011bd\u011bli, kde v\u00e1s, co \u010dek\u00e1. V\u017edy\u0165 i dopravn\u00ed p\u0159edpisy \u010di dopravn\u00ed zna\u010den\u00ed se mohou zm\u011bnit. A konec konc\u016f, i na notoricky zn\u00e1m\u00e9 cest\u011b \u010dlov\u011bk ob\u010das na n\u011bco zapomene \u2013 pr\u00e1v\u011b proto, \u017ee si je tolik jist\u00fd znalost\u00ed sv\u00e9 trasy, tak\u017ee pak ned\u00e1v\u00e1 dobr\u00fd pozor. Tak\u017ee ve v\u0161ech t\u011bchto p\u0159\u00edpadech nen\u00ed t\u011b\u017ek\u00e9 snadno spadnout do pasti.T\u0159eba tak, \u017ee s n\u00e1kladem j\u00edzdn\u00edch kol na st\u0159e\u0161e vjedete pod n\u00edzk\u00fd most. A \u010dlov\u011bku na m\u00edsto hezk\u00e9 dovolen\u00e9 zbydou leda tak o\u010di pro pl\u00e1\u010d, proto\u017ee siln\u00fd n\u00e1raz do mostu zp\u016fsob\u00ed, \u017ee va\u0161e bicykly budou pro dal\u0161\u00ed j\u00edzdu naprosto nepou\u017eiteln\u00e9. Na to se m\u016f\u017eete spolehnout. Ov\u0161em pokud si kola um\u00edst\u00edte za auto, tak se n\u011b\u010d\u00edm podobn\u00fdm tr\u00e1pit nemus\u00edte. A nav\u00edc je to praktick\u00e9 i z jin\u00fdch d\u016fvod\u016f. T\u0159eba proto, \u017ee nemus\u00edte bicykly zvedat do velk\u00e9 v\u00fd\u0161ky, co\u017e ne ka\u017ed\u00fd zvl\u00e1dne. Anebo proto, \u017ee je m\u00e1te kdykoli po ruce a m\u016f\u017eete je tak velice rychle pou\u017e\u00edt i upevnit zp\u011bt do stojanu.Zkr\u00e1tka se jedn\u00e1 o velice praktick\u00fd zp\u016fsob p\u0159epravy j\u00edzdn\u00edch kol, kter\u00fd jist\u011b ocen\u00edte, a\u0165 u\u017e s nimi pojedete kamkoli.                                                                                                                                                                                                                                                                                                                                                                                          4.3\/5 - (12 votes)        "},{"@context":"https:\/\/schema.org\/","@type":"BreadcrumbList","itemListElement":[{"@type":"ListItem","position":1,"name":"Pokud se chyst\u00e1te na p\u0159evoz bicykl\u016f, pak jedin\u011b s nosi\u010dem na ta\u017en\u00e9 za\u0159\u00edzen\u00ed","item":"https:\/\/www.sl-as.cz\/pokud-se-chystate-na-prevoz-bicyklu-pak-jedine-s-nosicem-na-tazne-zarizeni\/#breadcrumbitem"}]}]