[{"@context":"https:\/\/schema.org\/","@type":"Blog","@id":"https:\/\/www.sl-as.cz#Blog","headline":"Sl AS","description":"\nExistuje jist\u011b cel\u00e1 \u0159ada web\u016f, kter\u00e9 se pln\u00fdm pr\u00e1vem t\u011b\u0161\u00ed va\u0161\u00ed oblib\u011b. A proto n\u00e1m bude velk\u00fdm pot\u011b\u0161en\u00edm, bude-li jedn\u00edm z takov\u00fdch web\u016f i ten n\u00e1\u0161.","url":"https:\/\/www.sl-as.cz","hasPart":[{"@type":"Article","@id":"https:\/\/www.sl-as.cz\/jsme-take-na-internetu\/","headline":"Jsme tak\u00e9 na internetu","url":"https:\/\/www.sl-as.cz\/jsme-take-na-internetu\/","datePublished":"2025-02-05","dateModified":"2025-02-05","mainEntityOfPage":"https:\/\/www.sl-as.cz\/jsme-take-na-internetu\/","author":{"@type":"Person","@id":"https:\/\/www.sl-as.cz\/author\/#Person","name":"","url":"https:\/\/www.sl-as.cz\/author\/","identifier":1,"image":{"@type":"ImageObject","@id":"https:\/\/secure.gravatar.com\/avatar\/ccdd701717dc93db07d73e0c11dbbb8b91524cccc3bfbd3baea83667a3ebf5d6?s=96&d=mm&r=g","url":"https:\/\/secure.gravatar.com\/avatar\/ccdd701717dc93db07d73e0c11dbbb8b91524cccc3bfbd3baea83667a3ebf5d6?s=96&d=mm&r=g","height":96,"width":96}},"publisher":{"@type":"Organization","name":"sl-as.cz","logo":{"@type":"ImageObject","@id":"\/logo.png","url":"\/logo.png","width":600,"height":60}},"image":null,"wordCount":216,"keywords":null},{"@type":"Article","@id":"https:\/\/www.sl-as.cz\/mimice-a-tribunj\/","headline":"Mimice a Tribunj","url":"https:\/\/www.sl-as.cz\/mimice-a-tribunj\/","datePublished":"2025-01-30","dateModified":"2025-01-30","mainEntityOfPage":"https:\/\/www.sl-as.cz\/mimice-a-tribunj\/","author":{"@type":"Person","@id":"https:\/\/www.sl-as.cz\/author\/#Person","name":"","url":"https:\/\/www.sl-as.cz\/author\/","identifier":1,"image":{"@type":"ImageObject","@id":"https:\/\/secure.gravatar.com\/avatar\/ccdd701717dc93db07d73e0c11dbbb8b91524cccc3bfbd3baea83667a3ebf5d6?s=96&d=mm&r=g","url":"https:\/\/secure.gravatar.com\/avatar\/ccdd701717dc93db07d73e0c11dbbb8b91524cccc3bfbd3baea83667a3ebf5d6?s=96&d=mm&r=g","height":96,"width":96}},"publisher":{"@type":"Organization","name":"sl-as.cz","logo":{"@type":"ImageObject","@id":"\/logo.png","url":"\/logo.png","width":600,"height":60}},"image":null,"wordCount":199,"keywords":null},{"@type":"Article","@id":"https:\/\/www.sl-as.cz\/mejte-dobrou-vizitku\/","headline":"M\u011bjte dobrou vizitku","url":"https:\/\/www.sl-as.cz\/mejte-dobrou-vizitku\/","datePublished":"2025-01-24","dateModified":"2025-01-24","mainEntityOfPage":"https:\/\/www.sl-as.cz\/mejte-dobrou-vizitku\/","author":{"@type":"Person","@id":"https:\/\/www.sl-as.cz\/author\/#Person","name":"","url":"https:\/\/www.sl-as.cz\/author\/","identifier":1,"image":{"@type":"ImageObject","@id":"https:\/\/secure.gravatar.com\/avatar\/ccdd701717dc93db07d73e0c11dbbb8b91524cccc3bfbd3baea83667a3ebf5d6?s=96&d=mm&r=g","url":"https:\/\/secure.gravatar.com\/avatar\/ccdd701717dc93db07d73e0c11dbbb8b91524cccc3bfbd3baea83667a3ebf5d6?s=96&d=mm&r=g","height":96,"width":96}},"publisher":{"@type":"Organization","name":"sl-as.cz","logo":{"@type":"ImageObject","@id":"\/logo.png","url":"\/logo.png","width":600,"height":60}},"image":null,"wordCount":240,"keywords":null},{"@type":"Article","@id":"https:\/\/www.sl-as.cz\/prozrete-o-vasem-vztahu\/","headline":"Proz\u0159ete o va\u0161em vztahu","url":"https:\/\/www.sl-as.cz\/prozrete-o-vasem-vztahu\/","datePublished":"2025-01-18","dateModified":"2025-01-18","mainEntityOfPage":"https:\/\/www.sl-as.cz\/prozrete-o-vasem-vztahu\/","author":{"@type":"Person","@id":"https:\/\/www.sl-as.cz\/author\/#Person","name":"","url":"https:\/\/www.sl-as.cz\/author\/","identifier":1,"image":{"@type":"ImageObject","@id":"https:\/\/secure.gravatar.com\/avatar\/ccdd701717dc93db07d73e0c11dbbb8b91524cccc3bfbd3baea83667a3ebf5d6?s=96&d=mm&r=g","url":"https:\/\/secure.gravatar.com\/avatar\/ccdd701717dc93db07d73e0c11dbbb8b91524cccc3bfbd3baea83667a3ebf5d6?s=96&d=mm&r=g","height":96,"width":96}},"publisher":{"@type":"Organization","name":"sl-as.cz","logo":{"@type":"ImageObject","@id":"\/logo.png","url":"\/logo.png","width":600,"height":60}},"image":null,"wordCount":261,"keywords":null},{"@type":"Article","@id":"https:\/\/www.sl-as.cz\/nabidka-je-siroka\/","headline":"Nab\u00eddka je \u0161irok\u00e1","url":"https:\/\/www.sl-as.cz\/nabidka-je-siroka\/","datePublished":"2025-01-11","dateModified":"2025-01-11","mainEntityOfPage":"https:\/\/www.sl-as.cz\/nabidka-je-siroka\/","author":{"@type":"Person","@id":"https:\/\/www.sl-as.cz\/author\/#Person","name":"","url":"https:\/\/www.sl-as.cz\/author\/","identifier":1,"image":{"@type":"ImageObject","@id":"https:\/\/secure.gravatar.com\/avatar\/ccdd701717dc93db07d73e0c11dbbb8b91524cccc3bfbd3baea83667a3ebf5d6?s=96&d=mm&r=g","url":"https:\/\/secure.gravatar.com\/avatar\/ccdd701717dc93db07d73e0c11dbbb8b91524cccc3bfbd3baea83667a3ebf5d6?s=96&d=mm&r=g","height":96,"width":96}},"publisher":{"@type":"Organization","name":"sl-as.cz","logo":{"@type":"ImageObject","@id":"\/logo.png","url":"\/logo.png","width":600,"height":60}},"image":null,"wordCount":258,"keywords":null},{"@type":"Article","@id":"https:\/\/www.sl-as.cz\/nemejte-obavy\/","headline":"Nem\u011bjte obavy","url":"https:\/\/www.sl-as.cz\/nemejte-obavy\/","datePublished":"2025-01-03","dateModified":"2025-01-03","mainEntityOfPage":"https:\/\/www.sl-as.cz\/nemejte-obavy\/","author":{"@type":"Person","@id":"https:\/\/www.sl-as.cz\/author\/#Person","name":"","url":"https:\/\/www.sl-as.cz\/author\/","identifier":1,"image":{"@type":"ImageObject","@id":"https:\/\/secure.gravatar.com\/avatar\/ccdd701717dc93db07d73e0c11dbbb8b91524cccc3bfbd3baea83667a3ebf5d6?s=96&d=mm&r=g","url":"https:\/\/secure.gravatar.com\/avatar\/ccdd701717dc93db07d73e0c11dbbb8b91524cccc3bfbd3baea83667a3ebf5d6?s=96&d=mm&r=g","height":96,"width":96}},"publisher":{"@type":"Organization","name":"sl-as.cz","logo":{"@type":"ImageObject","@id":"\/logo.png","url":"\/logo.png","width":600,"height":60}},"image":null,"wordCount":265,"keywords":null},{"@type":"Article","@id":"https:\/\/www.sl-as.cz\/vysoky-komfort\/","headline":"Vysok\u00fd komfort","url":"https:\/\/www.sl-as.cz\/vysoky-komfort\/","datePublished":"2024-12-29","dateModified":"2024-12-29","mainEntityOfPage":"https:\/\/www.sl-as.cz\/vysoky-komfort\/","author":{"@type":"Person","@id":"https:\/\/www.sl-as.cz\/author\/#Person","name":"","url":"https:\/\/www.sl-as.cz\/author\/","identifier":1,"image":{"@type":"ImageObject","@id":"https:\/\/secure.gravatar.com\/avatar\/ccdd701717dc93db07d73e0c11dbbb8b91524cccc3bfbd3baea83667a3ebf5d6?s=96&d=mm&r=g","url":"https:\/\/secure.gravatar.com\/avatar\/ccdd701717dc93db07d73e0c11dbbb8b91524cccc3bfbd3baea83667a3ebf5d6?s=96&d=mm&r=g","height":96,"width":96}},"publisher":{"@type":"Organization","name":"sl-as.cz","logo":{"@type":"ImageObject","@id":"\/logo.png","url":"\/logo.png","width":600,"height":60}},"image":null,"wordCount":205,"keywords":null},{"@type":"Article","@id":"https:\/\/www.sl-as.cz\/ceka-nas-rozhodujici-zapas-ve-fed-cupu\/","headline":"\u010cek\u00e1 n\u00e1s rozhoduj\u00edc\u00ed z\u00e1pas ve Fed Cupu","url":"https:\/\/www.sl-as.cz\/ceka-nas-rozhodujici-zapas-ve-fed-cupu\/","datePublished":"2024-12-23","dateModified":"2024-12-23","mainEntityOfPage":"https:\/\/www.sl-as.cz\/ceka-nas-rozhodujici-zapas-ve-fed-cupu\/","author":{"@type":"Person","@id":"https:\/\/www.sl-as.cz\/author\/#Person","name":"","url":"https:\/\/www.sl-as.cz\/author\/","identifier":1,"image":{"@type":"ImageObject","@id":"https:\/\/secure.gravatar.com\/avatar\/ccdd701717dc93db07d73e0c11dbbb8b91524cccc3bfbd3baea83667a3ebf5d6?s=96&d=mm&r=g","url":"https:\/\/secure.gravatar.com\/avatar\/ccdd701717dc93db07d73e0c11dbbb8b91524cccc3bfbd3baea83667a3ebf5d6?s=96&d=mm&r=g","height":96,"width":96}},"publisher":{"@type":"Organization","name":"sl-as.cz","logo":{"@type":"ImageObject","@id":"\/logo.png","url":"\/logo.png","width":600,"height":60}},"image":null,"wordCount":219,"keywords":null},{"@type":"Article","@id":"https:\/\/www.sl-as.cz\/potrebujete-se-zviditelnit\/","headline":"Pot\u0159ebujete se zviditelnit?","url":"https:\/\/www.sl-as.cz\/potrebujete-se-zviditelnit\/","datePublished":"2024-12-15","dateModified":"2024-12-15","mainEntityOfPage":"https:\/\/www.sl-as.cz\/potrebujete-se-zviditelnit\/","author":{"@type":"Person","@id":"https:\/\/www.sl-as.cz\/author\/#Person","name":"","url":"https:\/\/www.sl-as.cz\/author\/","identifier":1,"image":{"@type":"ImageObject","@id":"https:\/\/secure.gravatar.com\/avatar\/ccdd701717dc93db07d73e0c11dbbb8b91524cccc3bfbd3baea83667a3ebf5d6?s=96&d=mm&r=g","url":"https:\/\/secure.gravatar.com\/avatar\/ccdd701717dc93db07d73e0c11dbbb8b91524cccc3bfbd3baea83667a3ebf5d6?s=96&d=mm&r=g","height":96,"width":96}},"publisher":{"@type":"Organization","name":"sl-as.cz","logo":{"@type":"ImageObject","@id":"\/logo.png","url":"\/logo.png","width":600,"height":60}},"image":null,"wordCount":210,"keywords":null},{"@type":"Article","@id":"https:\/\/www.sl-as.cz\/v-klidu-a-pohode\/","headline":"V klidu a pohod\u011b","url":"https:\/\/www.sl-as.cz\/v-klidu-a-pohode\/","datePublished":"2024-12-08","dateModified":"2024-12-08","mainEntityOfPage":"https:\/\/www.sl-as.cz\/v-klidu-a-pohode\/","author":{"@type":"Person","@id":"https:\/\/www.sl-as.cz\/author\/#Person","name":"","url":"https:\/\/www.sl-as.cz\/author\/","identifier":1,"image":{"@type":"ImageObject","@id":"https:\/\/secure.gravatar.com\/avatar\/ccdd701717dc93db07d73e0c11dbbb8b91524cccc3bfbd3baea83667a3ebf5d6?s=96&d=mm&r=g","url":"https:\/\/secure.gravatar.com\/avatar\/ccdd701717dc93db07d73e0c11dbbb8b91524cccc3bfbd3baea83667a3ebf5d6?s=96&d=mm&r=g","height":96,"width":96}},"publisher":{"@type":"Organization","name":"sl-as.cz","logo":{"@type":"ImageObject","@id":"\/logo.png","url":"\/logo.png","width":600,"height":60}},"image":null,"wordCount":238,"keywords":null}]},{"@context":"https:\/\/schema.org","@type":"WebSite","@id":"https:\/\/www.sl-as.cz\/#website","name":"Sl AS","url":"https:\/\/www.sl-as.cz","potentialAction":{"@type":"SearchAction","target":"https:\/\/www.sl-as.cz\/?s={search_term_string}","query-input":"required name=search_term_string"}}]