[{"@context":"https:\/\/schema.org\/","@type":"Blog","@id":"https:\/\/www.sl-as.cz#Blog","headline":"Sl AS","description":"\nExistuje jist\u011b cel\u00e1 \u0159ada web\u016f, kter\u00e9 se pln\u00fdm pr\u00e1vem t\u011b\u0161\u00ed va\u0161\u00ed oblib\u011b. A proto n\u00e1m bude velk\u00fdm pot\u011b\u0161en\u00edm, bude-li jedn\u00edm z takov\u00fdch web\u016f i ten n\u00e1\u0161.","url":"https:\/\/www.sl-as.cz","hasPart":[{"@type":"Article","@id":"https:\/\/www.sl-as.cz\/objevte-krasy-barevne-sumavy-v-podzimnich-barvach\/","headline":"Objevte kr\u00e1sy barevn\u00e9 \u0160umavy v\u00a0podzimn\u00edch barv\u00e1ch","url":"https:\/\/www.sl-as.cz\/objevte-krasy-barevne-sumavy-v-podzimnich-barvach\/","datePublished":"2025-04-21","dateModified":"2025-04-21","mainEntityOfPage":"https:\/\/www.sl-as.cz\/objevte-krasy-barevne-sumavy-v-podzimnich-barvach\/","author":{"@type":"Person","@id":"https:\/\/www.sl-as.cz\/author\/#Person","name":"","url":"https:\/\/www.sl-as.cz\/author\/","identifier":1,"image":{"@type":"ImageObject","@id":"https:\/\/secure.gravatar.com\/avatar\/ccdd701717dc93db07d73e0c11dbbb8b91524cccc3bfbd3baea83667a3ebf5d6?s=96&d=mm&r=g","url":"https:\/\/secure.gravatar.com\/avatar\/ccdd701717dc93db07d73e0c11dbbb8b91524cccc3bfbd3baea83667a3ebf5d6?s=96&d=mm&r=g","height":96,"width":96}},"publisher":{"@type":"Organization","name":"sl-as.cz","logo":{"@type":"ImageObject","@id":"\/logo.png","url":"\/logo.png","width":600,"height":60}},"image":null,"wordCount":202,"keywords":null},{"@type":"Article","@id":"https:\/\/www.sl-as.cz\/elektronicka-cigareta\/","headline":"Elektronick\u00e1 cigareta","url":"https:\/\/www.sl-as.cz\/elektronicka-cigareta\/","datePublished":"2025-04-13","dateModified":"2025-04-13","mainEntityOfPage":"https:\/\/www.sl-as.cz\/elektronicka-cigareta\/","author":{"@type":"Person","@id":"https:\/\/www.sl-as.cz\/author\/#Person","name":"","url":"https:\/\/www.sl-as.cz\/author\/","identifier":1,"image":{"@type":"ImageObject","@id":"https:\/\/secure.gravatar.com\/avatar\/ccdd701717dc93db07d73e0c11dbbb8b91524cccc3bfbd3baea83667a3ebf5d6?s=96&d=mm&r=g","url":"https:\/\/secure.gravatar.com\/avatar\/ccdd701717dc93db07d73e0c11dbbb8b91524cccc3bfbd3baea83667a3ebf5d6?s=96&d=mm&r=g","height":96,"width":96}},"publisher":{"@type":"Organization","name":"sl-as.cz","logo":{"@type":"ImageObject","@id":"\/logo.png","url":"\/logo.png","width":600,"height":60}},"image":null,"wordCount":209,"keywords":null},{"@type":"Article","@id":"https:\/\/www.sl-as.cz\/zdravi-na-prvnim-miste\/","headline":"Zdrav\u00ed na prvn\u00edm m\u00edst\u011b","url":"https:\/\/www.sl-as.cz\/zdravi-na-prvnim-miste\/","datePublished":"2025-04-07","dateModified":"2025-04-07","mainEntityOfPage":"https:\/\/www.sl-as.cz\/zdravi-na-prvnim-miste\/","author":{"@type":"Person","@id":"https:\/\/www.sl-as.cz\/author\/#Person","name":"","url":"https:\/\/www.sl-as.cz\/author\/","identifier":1,"image":{"@type":"ImageObject","@id":"https:\/\/secure.gravatar.com\/avatar\/ccdd701717dc93db07d73e0c11dbbb8b91524cccc3bfbd3baea83667a3ebf5d6?s=96&d=mm&r=g","url":"https:\/\/secure.gravatar.com\/avatar\/ccdd701717dc93db07d73e0c11dbbb8b91524cccc3bfbd3baea83667a3ebf5d6?s=96&d=mm&r=g","height":96,"width":96}},"publisher":{"@type":"Organization","name":"sl-as.cz","logo":{"@type":"ImageObject","@id":"\/logo.png","url":"\/logo.png","width":600,"height":60}},"image":null,"wordCount":213,"keywords":null},{"@type":"Article","@id":"https:\/\/www.sl-as.cz\/inzerce-prace-zdarma\/","headline":"Inzerce pr\u00e1ce zdarma","url":"https:\/\/www.sl-as.cz\/inzerce-prace-zdarma\/","datePublished":"2025-03-26","dateModified":"2025-03-26","mainEntityOfPage":"https:\/\/www.sl-as.cz\/inzerce-prace-zdarma\/","author":{"@type":"Person","@id":"https:\/\/www.sl-as.cz\/author\/#Person","name":"","url":"https:\/\/www.sl-as.cz\/author\/","identifier":1,"image":{"@type":"ImageObject","@id":"https:\/\/secure.gravatar.com\/avatar\/ccdd701717dc93db07d73e0c11dbbb8b91524cccc3bfbd3baea83667a3ebf5d6?s=96&d=mm&r=g","url":"https:\/\/secure.gravatar.com\/avatar\/ccdd701717dc93db07d73e0c11dbbb8b91524cccc3bfbd3baea83667a3ebf5d6?s=96&d=mm&r=g","height":96,"width":96}},"publisher":{"@type":"Organization","name":"sl-as.cz","logo":{"@type":"ImageObject","@id":"\/logo.png","url":"\/logo.png","width":600,"height":60}},"image":null,"wordCount":215,"keywords":null},{"@type":"Article","@id":"https:\/\/www.sl-as.cz\/zeptejte-se-nas-na-podrobnosti\/","headline":"Zeptejte se n\u00e1s na podrobnosti","url":"https:\/\/www.sl-as.cz\/zeptejte-se-nas-na-podrobnosti\/","datePublished":"2025-03-18","dateModified":"2025-03-18","mainEntityOfPage":"https:\/\/www.sl-as.cz\/zeptejte-se-nas-na-podrobnosti\/","author":{"@type":"Person","@id":"https:\/\/www.sl-as.cz\/author\/#Person","name":"","url":"https:\/\/www.sl-as.cz\/author\/","identifier":1,"image":{"@type":"ImageObject","@id":"https:\/\/secure.gravatar.com\/avatar\/ccdd701717dc93db07d73e0c11dbbb8b91524cccc3bfbd3baea83667a3ebf5d6?s=96&d=mm&r=g","url":"https:\/\/secure.gravatar.com\/avatar\/ccdd701717dc93db07d73e0c11dbbb8b91524cccc3bfbd3baea83667a3ebf5d6?s=96&d=mm&r=g","height":96,"width":96}},"publisher":{"@type":"Organization","name":"sl-as.cz","logo":{"@type":"ImageObject","@id":"\/logo.png","url":"\/logo.png","width":600,"height":60}},"image":null,"wordCount":219,"keywords":null},{"@type":"Article","@id":"https:\/\/www.sl-as.cz\/virtualni-kancelar\/","headline":"Virtu\u00e1ln\u00ed kancel\u00e1\u0159","url":"https:\/\/www.sl-as.cz\/virtualni-kancelar\/","datePublished":"2025-03-12","dateModified":"2025-03-12","mainEntityOfPage":"https:\/\/www.sl-as.cz\/virtualni-kancelar\/","author":{"@type":"Person","@id":"https:\/\/www.sl-as.cz\/author\/#Person","name":"","url":"https:\/\/www.sl-as.cz\/author\/","identifier":1,"image":{"@type":"ImageObject","@id":"https:\/\/secure.gravatar.com\/avatar\/ccdd701717dc93db07d73e0c11dbbb8b91524cccc3bfbd3baea83667a3ebf5d6?s=96&d=mm&r=g","url":"https:\/\/secure.gravatar.com\/avatar\/ccdd701717dc93db07d73e0c11dbbb8b91524cccc3bfbd3baea83667a3ebf5d6?s=96&d=mm&r=g","height":96,"width":96}},"publisher":{"@type":"Organization","name":"sl-as.cz","logo":{"@type":"ImageObject","@id":"\/logo.png","url":"\/logo.png","width":600,"height":60}},"image":null,"wordCount":210,"keywords":null},{"@type":"Article","@id":"https:\/\/www.sl-as.cz\/boom-s-virtualni-menou\/","headline":"Boom s virtu\u00e1ln\u00ed m\u011bnou","url":"https:\/\/www.sl-as.cz\/boom-s-virtualni-menou\/","datePublished":"2025-02-25","dateModified":"2025-02-25","mainEntityOfPage":"https:\/\/www.sl-as.cz\/boom-s-virtualni-menou\/","author":{"@type":"Person","@id":"https:\/\/www.sl-as.cz\/author\/#Person","name":"","url":"https:\/\/www.sl-as.cz\/author\/","identifier":1,"image":{"@type":"ImageObject","@id":"https:\/\/secure.gravatar.com\/avatar\/ccdd701717dc93db07d73e0c11dbbb8b91524cccc3bfbd3baea83667a3ebf5d6?s=96&d=mm&r=g","url":"https:\/\/secure.gravatar.com\/avatar\/ccdd701717dc93db07d73e0c11dbbb8b91524cccc3bfbd3baea83667a3ebf5d6?s=96&d=mm&r=g","height":96,"width":96}},"publisher":{"@type":"Organization","name":"sl-as.cz","logo":{"@type":"ImageObject","@id":"\/logo.png","url":"\/logo.png","width":600,"height":60}},"image":{"@type":"ImageObject","@id":"https:\/\/www.sl-as.cz\/wp-content\/uploads\/img_a321709_w2038_t1532936589.jpg","url":"https:\/\/www.sl-as.cz\/wp-content\/uploads\/img_a321709_w2038_t1532936589.jpg","height":0,"width":0},"wordCount":560,"keywords":null},{"@type":"Article","@id":"https:\/\/www.sl-as.cz\/ziskejte-energii-rannim-salkem\/","headline":"Z\u00edskejte energii rann\u00edm \u0161\u00e1lkem","url":"https:\/\/www.sl-as.cz\/ziskejte-energii-rannim-salkem\/","datePublished":"2025-02-25","dateModified":"2025-02-25","mainEntityOfPage":"https:\/\/www.sl-as.cz\/ziskejte-energii-rannim-salkem\/","author":{"@type":"Person","@id":"https:\/\/www.sl-as.cz\/author\/#Person","name":"","url":"https:\/\/www.sl-as.cz\/author\/","identifier":1,"image":{"@type":"ImageObject","@id":"https:\/\/secure.gravatar.com\/avatar\/ccdd701717dc93db07d73e0c11dbbb8b91524cccc3bfbd3baea83667a3ebf5d6?s=96&d=mm&r=g","url":"https:\/\/secure.gravatar.com\/avatar\/ccdd701717dc93db07d73e0c11dbbb8b91524cccc3bfbd3baea83667a3ebf5d6?s=96&d=mm&r=g","height":96,"width":96}},"publisher":{"@type":"Organization","name":"sl-as.cz","logo":{"@type":"ImageObject","@id":"\/logo.png","url":"\/logo.png","width":600,"height":60}},"image":null,"wordCount":234,"keywords":null},{"@type":"Article","@id":"https:\/\/www.sl-as.cz\/chlapci-jsou-odvazni\/","headline":"Chlapci jsou odv\u00e1\u017en\u00ed","url":"https:\/\/www.sl-as.cz\/chlapci-jsou-odvazni\/","datePublished":"2025-02-18","dateModified":"2025-02-18","mainEntityOfPage":"https:\/\/www.sl-as.cz\/chlapci-jsou-odvazni\/","author":{"@type":"Person","@id":"https:\/\/www.sl-as.cz\/author\/#Person","name":"","url":"https:\/\/www.sl-as.cz\/author\/","identifier":1,"image":{"@type":"ImageObject","@id":"https:\/\/secure.gravatar.com\/avatar\/ccdd701717dc93db07d73e0c11dbbb8b91524cccc3bfbd3baea83667a3ebf5d6?s=96&d=mm&r=g","url":"https:\/\/secure.gravatar.com\/avatar\/ccdd701717dc93db07d73e0c11dbbb8b91524cccc3bfbd3baea83667a3ebf5d6?s=96&d=mm&r=g","height":96,"width":96}},"publisher":{"@type":"Organization","name":"sl-as.cz","logo":{"@type":"ImageObject","@id":"\/logo.png","url":"\/logo.png","width":600,"height":60}},"image":null,"wordCount":261,"keywords":null},{"@type":"Article","@id":"https:\/\/www.sl-as.cz\/kdy-do-duchodu\/","headline":"Kdy do d\u016fchodu","url":"https:\/\/www.sl-as.cz\/kdy-do-duchodu\/","datePublished":"2025-02-12","dateModified":"2025-02-12","mainEntityOfPage":"https:\/\/www.sl-as.cz\/kdy-do-duchodu\/","author":{"@type":"Person","@id":"https:\/\/www.sl-as.cz\/author\/#Person","name":"","url":"https:\/\/www.sl-as.cz\/author\/","identifier":1,"image":{"@type":"ImageObject","@id":"https:\/\/secure.gravatar.com\/avatar\/ccdd701717dc93db07d73e0c11dbbb8b91524cccc3bfbd3baea83667a3ebf5d6?s=96&d=mm&r=g","url":"https:\/\/secure.gravatar.com\/avatar\/ccdd701717dc93db07d73e0c11dbbb8b91524cccc3bfbd3baea83667a3ebf5d6?s=96&d=mm&r=g","height":96,"width":96}},"publisher":{"@type":"Organization","name":"sl-as.cz","logo":{"@type":"ImageObject","@id":"\/logo.png","url":"\/logo.png","width":600,"height":60}},"image":null,"wordCount":259,"keywords":null}]},{"@context":"https:\/\/schema.org","@type":"WebSite","@id":"https:\/\/www.sl-as.cz\/#website","name":"Sl AS","url":"https:\/\/www.sl-as.cz","potentialAction":{"@type":"SearchAction","target":"https:\/\/www.sl-as.cz\/?s={search_term_string}","query-input":"required name=search_term_string"}}]