[{"@context":"https:\/\/schema.org\/","@type":"Article","@id":"https:\/\/www.sl-as.cz\/kdy-do-duchodu\/#Article","mainEntityOfPage":"https:\/\/www.sl-as.cz\/kdy-do-duchodu\/","headline":"Kdy do d\u016fchodu","name":"Kdy do d\u016fchodu","description":"Pracujete cel\u00fd \u017eivot v jedn\u00e9 a t\u00e9 sam\u00e9 firm\u011b? M\u011bli jste zrovna to \u0161t\u011bst\u00ed a udr\u017eeli jste si dlouh\u00e1 l\u00e9ta stejnou pozici a jen si [&hellip;]","datePublished":"2025-02-12","dateModified":"2025-02-12","author":{"@type":"Person","@id":"https:\/\/www.sl-as.cz\/author\/#Person","name":"","url":"https:\/\/www.sl-as.cz\/author\/","identifier":1,"image":{"@type":"ImageObject","@id":"https:\/\/secure.gravatar.com\/avatar\/ccdd701717dc93db07d73e0c11dbbb8b91524cccc3bfbd3baea83667a3ebf5d6?s=96&d=mm&r=g","url":"https:\/\/secure.gravatar.com\/avatar\/ccdd701717dc93db07d73e0c11dbbb8b91524cccc3bfbd3baea83667a3ebf5d6?s=96&d=mm&r=g","height":96,"width":96}},"publisher":{"@type":"Organization","name":"sl-as.cz","logo":{"@type":"ImageObject","@id":"\/logo.png","url":"\/logo.png","width":600,"height":60}},"url":"https:\/\/www.sl-as.cz\/kdy-do-duchodu\/","wordCount":209,"articleBody":"Pracujete cel\u00fd \u017eivot v jedn\u00e9 a t\u00e9 sam\u00e9 firm\u011b? M\u011bli jste zrovna to \u0161t\u011bst\u00ed a udr\u017eeli jste si dlouh\u00e1 l\u00e9ta stejnou pozici a jen si zlep\u0161ovali sv\u00e9 podm\u00ednky? Je ale na\u010dase opustit svou milovanou pr\u00e1ci a j\u00edt si u\u017e\u00edvat zaslou\u017een\u00e9ho odpo\u010dinku pro star\u0161\u00ed? Potom tedy pad\u00e1 ot\u00e1zka, kdy do d\u016fchodu. M\u011bli byste nejprve zjistit ve\u0161ker\u00e9 informace. Bohu\u017eel je u\u017e doba jin\u00e1, nic nen\u00ed jako d\u0159\u00edv a vlastn\u011b se m\u011bn\u00ed krom\u011b lid\u00ed tak\u00e9 pracovn\u00ed pozice v nejedn\u00e9 firm\u011b. Postihlo to i ti Va\u0161\u00ed? Potom jste se tedy rozhodli, \u017ee u\u017e nebudete trvale pracovat, ale najdete si sp\u00ed\u0161e n\u011bjakou brig\u00e1du, kterou zvl\u00e1dnete? A tedy, kdy do d\u016fchodu? Volnost po zybtek \u017eivota Mo\u017en\u00e1 V\u00e1s tak\u00e9 za\u010dne l\u00e1kat ta my\u0161lena volnosti. Mo\u017enost toho vyjet si ka\u017edou chvilku na n\u011bjak\u00fd v\u00fdlet \u010di n\u011bkam, kde jste se b\u011bhem \u017eivota v pr\u00e1ci nestihli pod\u00edvat. Za\u017eijete spousty dobrodru\u017estv\u00ed. Uvid\u00edte sami, \u017ee kdy\u017e si nech\u00e1te pomoci, v\u0161e bude snadn\u00e9 a v po\u0159\u00e1dku. Tak jak to tedy bude, v\u00fdpo\u010det starobn\u00edho d\u016fchodu?                                                                                                                                                                                                                                                                                                                                                                                                "},{"@context":"https:\/\/schema.org\/","@type":"BreadcrumbList","itemListElement":[{"@type":"ListItem","position":1,"name":"Kdy do d\u016fchodu","item":"https:\/\/www.sl-as.cz\/kdy-do-duchodu\/#breadcrumbitem"}]}]