[{"@context":"https:\/\/schema.org\/","@type":"Article","@id":"https:\/\/www.sl-as.cz\/jak-pripravit-dite-na-vstup-do-materske-skoly-a-co-zvazit\/#Article","mainEntityOfPage":"https:\/\/www.sl-as.cz\/jak-pripravit-dite-na-vstup-do-materske-skoly-a-co-zvazit\/","headline":"Jak p\u0159ipravit d\u00edt\u011b na vstup do mate\u0159sk\u00e9 \u0161koly a co zv\u00e1\u017eit?","name":"Jak p\u0159ipravit d\u00edt\u011b na vstup do mate\u0159sk\u00e9 \u0161koly a co zv\u00e1\u017eit?","description":"N\u00e1stup d\u00edt\u011bte do \u0161kolky je pro rodi\u010de i d\u011bti v\u011bt\u0161inou trochu stresovou z\u00e1le\u017eitost\u00ed. Nejprve se boj\u00edte, zda se d\u00edt\u011b do \u0161kolky v\u016fbec dostane. Pot\u00e9 se [&hellip;]","datePublished":"2018-12-18","dateModified":"2023-05-19","author":{"@type":"Person","@id":"https:\/\/www.sl-as.cz\/author\/#Person","name":"","url":"https:\/\/www.sl-as.cz\/author\/","identifier":1,"image":{"@type":"ImageObject","@id":"https:\/\/secure.gravatar.com\/avatar\/ccdd701717dc93db07d73e0c11dbbb8b91524cccc3bfbd3baea83667a3ebf5d6?s=96&d=mm&r=g","url":"https:\/\/secure.gravatar.com\/avatar\/ccdd701717dc93db07d73e0c11dbbb8b91524cccc3bfbd3baea83667a3ebf5d6?s=96&d=mm&r=g","height":96,"width":96}},"publisher":{"@type":"Organization","name":"sl-as.cz","logo":{"@type":"ImageObject","@id":"\/logo.png","url":"\/logo.png","width":600,"height":60}},"image":{"@type":"ImageObject","@id":"https:\/\/www.sl-as.cz\/wp-content\/uploads\/img_a337228_w2500_t1550474719.jpg","url":"https:\/\/www.sl-as.cz\/wp-content\/uploads\/img_a337228_w2500_t1550474719.jpg","height":0,"width":0},"url":"https:\/\/www.sl-as.cz\/jak-pripravit-dite-na-vstup-do-materske-skoly-a-co-zvazit\/","wordCount":464,"articleBody":"N\u00e1stup d\u00edt\u011bte do \u0161kolky je pro rodi\u010de i d\u011bti v\u011bt\u0161inou trochu stresovou z\u00e1le\u017eitost\u00ed. Nejprve se boj\u00edte, zda se d\u00edt\u011b do \u0161kolky v\u016fbec dostane. Pot\u00e9 se zase ob\u00e1v\u00e1te, jak d\u00edt\u011b zvl\u00e1dne odlou\u010den\u00ed od v\u00e1s, jestli si tam najde kamar\u00e1dy, nebo jestli nebude po\u0159\u00e1d nemocn\u00e9. Abyste m\u011bli pocit, \u017ee jste pro dobrou adaptaci ud\u011blali maximum, zva\u017ete zav\u010dasu n\u00e1sleduj\u00edc\u00ed. Kdy je vlastn\u011b vhodn\u00fd v\u011bk pro n\u00e1stup do mate\u0159sk\u00e9 \u0161koly? Zpravidla d\u011bti nastupuj\u00ed do \u0161kolky, kdy\u017e dos\u00e1hnou v\u011bku t\u0159\u00ed let. N\u011bkter\u00e9 d\u011bti v\u0161ak za\u010d\u00ednaj\u00ed se \u0161kolkou d\u0159\u00edve i pozd\u011bji. Obecn\u011b lze tvrdit, \u017ee \u010d\u00edm star\u0161\u00ed d\u00edt\u011b, t\u00edm by m\u011blo b\u00fdt emo\u010dn\u011b vysp\u011blej\u0161\u00ed a odlou\u010den\u00ed od rodi\u010d\u016f l\u00e9pe sn\u00e1\u0161et. Z\u00e1rove\u0148 je d\u016fle\u017eit\u00e9 to, \u017ee imunitn\u00ed syst\u00e9m d\u00edt\u011bte se tak\u00e9 vyv\u00edj\u00ed. Z tohoto hlediska je ide\u00e1ln\u00ed v\u011bk n\u00e1stupu asi \u010dty\u0159i roky. V tu dobu u\u017e by imunitn\u00ed syst\u00e9m m\u011bl b\u00fdt na takov\u00e9 \u00farovni, \u017ee by d\u00edt\u011b nem\u011blo b\u00fdt z kolektivu neust\u00e1le nemocn\u00e9. D\u016fle\u017eit\u00e9 je i vybrat si \u0161kolku, kter\u00e1 bude va\u0161emu zalo\u017een\u00ed vyhovovat. M\u016f\u017eete si vybrat klasickou st\u00e1tn\u00ed mate\u0159skou \u0161kolku nebo soukromou, kter\u00e1 je ji\u017e v ka\u017ed\u00e9m v\u011bt\u0161\u00edm m\u011bst\u011b. Pokud jste zast\u00e1ncem alternativn\u011bj\u0161\u00edch sm\u011br\u016f vzd\u011bl\u00e1v\u00e1n\u00ed, m\u016f\u017eete nap\u0159\u00edklad zvolit Waldorfskou nebo Montessori \u0161kolku. \u0158e\u0161te to zav\u010dasu, a\u0165 stihnete dny otev\u0159en\u00fdch dve\u0159\u00ed a z\u00e1pisy, kter\u00e9 prob\u00edhaj\u00ed na ja\u0159e! A jak p\u0159ipravit d\u00edt\u011b na n\u00e1stup do \u0161kolky? Asi v\u017edy si d\u00edt\u011b mus\u00ed proj\u00edt f\u00e1z\u00ed, kdy se u\u010d\u00ed odlou\u010den\u00ed od rodi\u010d\u016f. Zjednodu\u0161it mu to m\u016f\u017eete v\u0161ak t\u00edm, \u017ee ho od mali\u010dka budete zvykat na pobyt v d\u011btsk\u00e9m kolektivu. Dnes jsou r\u016fzn\u00e9 krou\u017eky u\u017e pro mal\u00e9 kojence. Jestli nechcete najet rovnou na ostr\u00fd re\u017eim, kdy d\u00edt\u011b chod\u00ed do \u0161kolky ka\u017ed\u00fd den a na cel\u00fd den, m\u016f\u017eete ho do \u0161kolky d\u00e1vat jen vybran\u00e9 dny v t\u00fddnu nebo jen na dopoledn\u00ed doch\u00e1zku. M\u016f\u017eete vyzkou\u0161et d\u00e1vat d\u00edt\u011b do tzv. mini\u0161kolky nebo soukrom\u00e9 \u0161kolky, kde jsou men\u0161\u00ed d\u011bti a v men\u0161\u00edm po\u010dtu, tedy adaptace pro n\u011b by m\u011bla b\u00fdt jednodu\u0161\u0161\u00ed. \u0160kolky maj\u00ed tak\u00e9 zpravidla ur\u010dit\u00fd zvykac\u00ed re\u017eim, kdy d\u00edt\u011b chod\u00ed nap\u0159\u00edklad prvn\u00ed dny do \u0161kolky s rodi\u010dem nebo doch\u00e1z\u00ed jen na dv\u011b hodiny denn\u011b.                                                                                                                                                                                                                                                                                                                                                                                          4.1\/5 - (15 votes)        "},{"@context":"https:\/\/schema.org\/","@type":"BreadcrumbList","itemListElement":[{"@type":"ListItem","position":1,"name":"Jak p\u0159ipravit d\u00edt\u011b na vstup do mate\u0159sk\u00e9 \u0161koly a co zv\u00e1\u017eit?","item":"https:\/\/www.sl-as.cz\/jak-pripravit-dite-na-vstup-do-materske-skoly-a-co-zvazit\/#breadcrumbitem"}]}]