[{"@context":"https:\/\/schema.org\/","@type":"Article","@id":"https:\/\/www.sl-as.cz\/hlavni-mesto-moravskeho-slovacka\/#Article","mainEntityOfPage":"https:\/\/www.sl-as.cz\/hlavni-mesto-moravskeho-slovacka\/","headline":"Hlavn\u00ed m\u011bsto Moravsk\u00e9ho Slov\u00e1cka","name":"Hlavn\u00ed m\u011bsto Moravsk\u00e9ho Slov\u00e1cka","description":"Toto p\u016fvabn\u00e9 m\u011bsto na \u0159ece Morav\u011b se py\u0161n\u00ed bohatou histori\u00ed, zalo\u017eeno bylo v polovin\u011b 13. stolet\u00ed kr\u00e1lem P\u0159emyslem Otakarem druh\u00fdm, nicm\u00e9n\u011b archeologick\u00fd v\u00fdzkum v n\u011bkter\u00fdch [&hellip;]","datePublished":"2019-08-27","dateModified":"2023-05-19","author":{"@type":"Person","@id":"https:\/\/www.sl-as.cz\/author\/#Person","name":"","url":"https:\/\/www.sl-as.cz\/author\/","identifier":1,"image":{"@type":"ImageObject","@id":"https:\/\/secure.gravatar.com\/avatar\/ccdd701717dc93db07d73e0c11dbbb8b91524cccc3bfbd3baea83667a3ebf5d6?s=96&d=mm&r=g","url":"https:\/\/secure.gravatar.com\/avatar\/ccdd701717dc93db07d73e0c11dbbb8b91524cccc3bfbd3baea83667a3ebf5d6?s=96&d=mm&r=g","height":96,"width":96}},"publisher":{"@type":"Organization","name":"sl-as.cz","logo":{"@type":"ImageObject","@id":"\/logo.png","url":"\/logo.png","width":600,"height":60}},"image":{"@type":"ImageObject","@id":"https:\/\/www.sl-as.cz\/wp-content\/uploads\/img_a353910_w3205_t1568478801.jpg","url":"https:\/\/www.sl-as.cz\/wp-content\/uploads\/img_a353910_w3205_t1568478801.jpg","height":0,"width":0},"url":"https:\/\/www.sl-as.cz\/hlavni-mesto-moravskeho-slovacka\/","about":["Z\u00e1bava"],"wordCount":585,"articleBody":"Toto p\u016fvabn\u00e9 m\u011bsto na \u0159ece Morav\u011b se py\u0161n\u00ed bohatou histori\u00ed, zalo\u017eeno bylo v polovin\u011b 13. stolet\u00ed kr\u00e1lem P\u0159emyslem Otakarem druh\u00fdm, nicm\u00e9n\u011b archeologick\u00fd v\u00fdzkum v n\u011bkter\u00fdch jeho \u010d\u00e1stech prok\u00e1zal velmi rozs\u00e1hl\u00e9 a prosperuj\u00edc\u00ed os\u00eddlen\u00ed z obdob\u00ed velkomoravsk\u00e9 \u0159\u00ed\u0161e. Jeho v\u00fdznam vede zat\u00edm k nepotvrzen\u00e9 domn\u011bnce, \u017ee se jedn\u00e1 o legend\u00e1rn\u00ed Veligrad, s\u00eddeln\u00ed m\u011bsto velkomoravsk\u00fdch panovn\u00edk\u016f a kulturn\u00ed a hospod\u00e1\u0159sk\u00e9 centrum velk\u00e9 \u010d\u00e1sti tehdej\u0161\u00ed Evropy. Z\u00e1jemci o historii by toto m\u011bsto ur\u010dit\u011b m\u011bli nav\u0161t\u00edvit.&#13; &#13; P\u0159esn\u011bji \u0159e\u010deno trojm\u011bst\u00ed Uhersk\u00e9 Hradi\u0161t\u011b \u2013 Star\u00e9 M\u011bsto \u2013 Kunovice, kter\u00e9 spole\u010dn\u011b tvo\u0159\u00ed aglomeraci s bezm\u00e1la \u010dty\u0159iceti tis\u00edci obyvateli. Historick\u00e9 j\u00e1dro m\u011bsta p\u0159edstavuj\u00ed dv\u011b n\u00e1m\u011bst\u00ed s n\u011bkolika spojovac\u00edmi a p\u0159ilehl\u00fdmi uli\u010dkami. Naleznete zde mimo jin\u00e9 galerii, ve kter\u00e9 m\u016f\u017eete obdivovat d\u00edla v\u011bhlasn\u00e9ho moravsk\u00e9 ho mal\u00ed\u0159e, p\u0159\u00edtele Alfonse Muchy, Anton\u00edna Slav\u00ed\u010dka, Lu\u010fka Marolda, Du\u0161ana Jurkovi\u010de, brat\u0159\u00ed Mr\u0161t\u00edk\u016f, Leo\u0161e Jan\u00e1\u010dka, Auguste Rodina a dal\u0161\u00edch v\u00fdznamn\u00fdch postav um\u011bleck\u00e9ho sv\u011bta. Ano, spr\u00e1vn\u011b, jedn\u00e1 se O Jo\u017eu Uprku, jeho\u017e pr\u00e1ce zachycuj\u00ed ka\u017edodenn\u00ed \u017eivot prost\u00fdch lid\u00ed Moravsk\u00e9ho Slov\u00e1cka.&#13; &#13; M\u011bsto krom\u011b \u0159eky Moravy tak\u00e9 obt\u00e9k\u00e1 um\u011bl\u00e1 vodn\u00ed cesta Ba\u0165\u016fv kan\u00e1l. P\u0159\u00edstav u\u017e je u soused\u016f, proto nese n\u00e1zev Star\u00e9 M\u011bsto, zde si m\u016f\u017eete p\u016fj\u010dit motorov\u00fd \u010dlun a zp\u0159\u00edjemnit si pobyt vodn\u00edm z\u00e1\u017eitkem. Kdy\u017e p\u0159ejdete hrani\u010dn\u00ed most do Star\u00e9ho M\u011bsta, dal\u0161\u00ed cestou m\u016f\u017eete narazit na kousek Japonska. Zahradnictv\u00ed zam\u011b\u0159en\u00e9 na p\u011bstov\u00e1n\u00ed bonsaj\u00ed v\u00e1s p\u0159iv\u00edt\u00e1 uklid\u0148uj\u00edc\u00ed atmosf\u00e9rou s n\u00e1dhern\u00fdmi \u201epidistrome\u010dky\u201c, (snad t\u00edmto n\u00e1zvem milovn\u00edky bonsaj\u00ed nena\u0161tvu). Za n\u00e1v\u0161t\u011bvu tak\u00e9 stoj\u00ed m\u00edstn\u00ed ZOO, p\u0159esn\u011bji KOVO ZOO, kde na v\u00e1s ne\u00fanavn\u011b \u010dekaj\u00ed nejr\u016fzn\u011bj\u0161\u00ed zv\u00ed\u0159ata vyroben\u00e1 z kovov\u00e9ho odpadu a \u0161rotu. Nechyb\u00ed ani velryba.&#13; &#13; &#13; U soused\u016f na opa\u010dn\u00e9 stran\u011b v Kunovic\u00edch milovn\u00edky a obdivovatele letadel pot\u011b\u0161\u00ed n\u00e1v\u0161t\u011bva leteck\u00e9ho muzea. Dostanete se k n\u011bmu pohodln\u011b p\u011b\u0161ky od vlakov\u00e9 zast\u00e1vky. Pokud jste p\u0159ijeli vlakem z Uhersk\u00e9ho Hradi\u0161t\u011b, u\u017e v\u00edte, \u017ee i tamn\u00ed n\u00e1dra\u017e\u00ed je v kr\u00e1tk\u00e9 doch\u00e1zkov\u00e9 vzd\u00e1lenosti od historick\u00e9ho centra. Pl\u00e1nujete-li tedy n\u00e1v\u0161t\u011bvu tohoto trojm\u011bst\u00ed, ur\u010dit\u011b neud\u011bl\u00e1te chybu, kdy\u017e zvol\u00edte vlak. Nejl\u00e9pe n\u011bkdy v prvn\u00ed dek\u00e1d\u011b srpna, kdy m\u011bsto host\u00ed filma\u0159e v\u0161ech generac\u00ed na ka\u017edoro\u010dn\u00ed Letn\u00ed filmov\u00e9 \u0161kole. M\u016f\u017eete krom\u011b film\u016f nav\u0161t\u00edvit spoustu zaj\u00edmav\u00fdch doprovodn\u00fdch akc\u00ed. Jejich po\u0159adatel\u00e9 nezapom\u00ednaj\u00ed ani na d\u011bti.&#13; &#13; M\u011bsto je p\u0159\u00edjemn\u00e9 i gastronomicky. O m\u00edsta, kde se m\u016f\u017eete naj\u00edst nebo se jen ob\u010derstvit opravdu nen\u00ed nouze. Od nejlevn\u011bj\u0161\u00edch j\u00eddelen po noblesn\u011bj\u0161\u00ed podniky. A nezapome\u0148te dobr\u00e9 j\u00eddlo zap\u00edt dobr\u00fdm v\u00ednem, jste p\u0159ece na Slov\u00e1cku a v Ma\u0159atic\u00edch, kter\u00e9 jsou \u010d\u00e1st\u00ed m\u011bsta, najdete ur\u010dit\u011b n\u011bjak\u00fd vhodn\u00fd vinn\u00fd skl\u00edpek. T\u0159eba si pak na cest\u011b dom\u016f zanotujete: Kdy\u017e jsem \u0161el z Hradi\u0161\u0165a\u2026       &#13;                                                                                                                                                                                                                                                                                                                                                                                         3.7\/5 - (7 votes)        "},{"@context":"https:\/\/schema.org\/","@type":"BreadcrumbList","itemListElement":[{"@type":"ListItem","position":1,"name":"Hlavn\u00ed m\u011bsto Moravsk\u00e9ho Slov\u00e1cka","item":"https:\/\/www.sl-as.cz\/hlavni-mesto-moravskeho-slovacka\/#breadcrumbitem"}]}]